{"id":93,"date":"2017-06-20T21:57:22","date_gmt":"2017-06-20T21:57:22","guid":{"rendered":"https:\/\/iem.adv.br\/?p=93"},"modified":"2017-11-23T14:28:48","modified_gmt":"2017-11-23T16:28:48","slug":"4-dicas-para-planejar-a-guarda-compartilhada","status":"publish","type":"post","link":"https:\/\/iem.adv.br\/home\/2017\/06\/20\/4-dicas-para-planejar-a-guarda-compartilhada\/","title":{"rendered":"4 dicas para planejar a guarda compartilhada"},"content":{"rendered":"<p>Dividir a guarda do seu filho (a) n\u00e3o \u00e9 a tarefa mais f\u00e1cil ou feliz do mundo, mas em alguns casos \u00e9 essencial para que o seu filho (a) tenha o menor trauma poss\u00edvel em rela\u00e7\u00e3o a separa\u00e7\u00e3o.<\/p>\n<p><span id=\"comment-message-847\">1- Converse com o seu filho: Pergunte ao seu filho(a) como ele se sente sobre ter duas casas. Pergunte como ficaria mais a vontade, o que pode deix\u00e1-lo mais feliz. D\u00ea a ele o poder da voz, mas escute de cora\u00e7\u00e3o aberto.<\/span><\/p>\n<p>2- Sentimentos mesquinhos: Esque\u00e7a o passado e todos sentimentos negativos que voc\u00ea tenha em rela\u00e7\u00e3o ao seu ex parceiro(a). Pense somente nos seus filhos e nos benef\u00edcios que eles podem adquirir com a guarda compartilhada.<\/p>\n<p>3- Converse: Converse com seu ex-parceiro(a), exponha o ponto de vista do seu filho(a), as suas necessidades e o que voc\u00ea acredita ser o melhor para a crian\u00e7a. Esteja aberto a conversa.<\/p>\n<p>4- Saiba escutar: J\u00e1 que voc\u00ea exp\u00f4s o que voc\u00ea pensa, agora \u00e9 a sua vez de ouvir. Escute! N\u00e3o pense que apenas o seu ponto de vista \u00e9 importante. Esse \u00e9 o caminho que deve ser trilhado para, pelo menos, amenizar a dor de toda a separa\u00e7\u00e3o, tanto para voc\u00ea, como para os seus filhos.<\/p>\n<p><a href=\"https:\/\/iem.adv.br\/2015\/12\/09\/a-lei-de-alimentos-diante-do-novo-codigo-de-processo-civil\/\">Gostou do artigo? Leia tamb\u00e9m:\u00a0A Lei de Alimentos diante do Novo C\u00f3digo de Processo Civil<\/a><\/p>\n","protected":false},"excerpt":{"rendered":"<p>Dividir a guarda do seu filho (a) n\u00e3o \u00e9 a tarefa mais f\u00e1cil ou feliz do mundo, mas em alguns casos \u00e9 essencial para que o seu filho (a) tenha o menor trauma poss\u00edvel em rela\u00e7\u00e3o a separa\u00e7\u00e3o. 1- Converse com o seu filho: Pergunte ao seu filho(a) como ele se sente sobre ter duas [&hellip;]<\/p>\n","protected":false},"author":2,"featured_media":94,"comment_status":"open","ping_status":"open","sticky":false,"template":"","format":"standard","meta":{"footnotes":""},"categories":[8],"tags":[],"_links":{"self":[{"href":"https:\/\/iem.adv.br\/home\/wp-json\/wp\/v2\/posts\/93"}],"collection":[{"href":"https:\/\/iem.adv.br\/home\/wp-json\/wp\/v2\/posts"}],"about":[{"href":"https:\/\/iem.adv.br\/home\/wp-json\/wp\/v2\/types\/post"}],"author":[{"embeddable":true,"href":"https:\/\/iem.adv.br\/home\/wp-json\/wp\/v2\/users\/2"}],"replies":[{"embeddable":true,"href":"https:\/\/iem.adv.br\/home\/wp-json\/wp\/v2\/comments?post=93"}],"version-history":[{"count":37,"href":"https:\/\/iem.adv.br\/home\/wp-json\/wp\/v2\/posts\/93\/revisions"}],"predecessor-version":[{"id":686,"href":"https:\/\/iem.adv.br\/home\/wp-json\/wp\/v2\/posts\/93\/revisions\/686"}],"wp:featuredmedia":[{"embeddable":true,"href":"https:\/\/iem.adv.br\/home\/wp-json\/wp\/v2\/media\/94"}],"wp:attachment":[{"href":"https:\/\/iem.adv.br\/home\/wp-json\/wp\/v2\/media?parent=93"}],"wp:term":[{"taxonomy":"category","embeddable":true,"href":"https:\/\/iem.adv.br\/home\/wp-json\/wp\/v2\/categories?post=93"},{"taxonomy":"post_tag","embeddable":true,"href":"https:\/\/iem.adv.br\/home\/wp-json\/wp\/v2\/tags?post=93"}],"curies":[{"name":"wp","href":"https:\/\/api.w.org\/{rel}","templated":true}]}}