{"id":787,"date":"2018-01-09T17:00:53","date_gmt":"2018-01-09T19:00:53","guid":{"rendered":"https:\/\/iem.adv.br\/?p=787"},"modified":"2018-02-07T14:01:06","modified_gmt":"2018-02-07T16:01:06","slug":"quantos-tipos-de-familia-existem-reconhecidamente-no-brasil","status":"publish","type":"post","link":"https:\/\/iem.adv.br\/home\/2018\/01\/09\/quantos-tipos-de-familia-existem-reconhecidamente-no-brasil\/","title":{"rendered":"Quantos tipos de fam\u00edlia existem reconhecidamente no Brasil?"},"content":{"rendered":"<p>Ao longo dos anos uma das institui\u00e7\u00f5es mais importantes da sociedade, a fam\u00edlia, vem passando por diversas transforma\u00e7\u00f5es. Com a Constitui\u00e7\u00e3o Federal de 1988 e seus princ\u00edpios \u2013 que visam garantir a Dignidade da Pessoa Humana \u2013, abriu-se a possibilidade para forma\u00e7\u00e3o de diversas estruturas familiares.<\/p>\n<p>&nbsp;<\/p>\n<p>Sem d\u00favida alguma, podemos dizer que o Direito de Fam\u00edlia \u00e9 o ramo que mais avan\u00e7ou nos \u00faltimos 20 anos!<\/p>\n<p>&nbsp;<\/p>\n<p>D\u00e1 uma olhadinha quantos conceitos temos atualmente para Fam\u00edlia. Podemos classific\u00e1-las da seguinte maneira:<\/p>\n<p>&nbsp;<\/p>\n<ol>\n<li><strong>Fam\u00edlia Matrimonial<\/strong><\/li>\n<\/ol>\n<p>\u00danica modalidade de fam\u00edlia existente at\u00e9 a Carta Magna de 1988, que adv\u00e9m do casamento, na qual os indiv\u00edduos integram por vontade pr\u00f3pria.<\/p>\n<p>&nbsp;<\/p>\n<ol start=\"2\">\n<li><strong>Fam\u00edlia Monoparental<\/strong><\/li>\n<\/ol>\n<p>Formada apenas pela m\u00e3e ou pai e seus respectivos descendentes, ou seja, h\u00e1 somente a presen\u00e7a de um genitor respons\u00e1vel pelo sustento, educa\u00e7\u00e3o e cria\u00e7\u00e3o dos filhos.<\/p>\n<p><strong>\u00a0<\/strong><\/p>\n<ol start=\"3\">\n<li><strong>Fam\u00edlia Multiparental<\/strong><\/li>\n<\/ol>\n<p>Trata-se do v\u00ednculo criado pela conviv\u00eancia harm\u00f4nica entre diferentes pais ou m\u00e3es, tendo estes, como objetivo em comum, a garantia dos interesses de seus filhos. Em outras palavras, pode-se dizer que se trata de uma fam\u00edlia reconstru\u00edda, aonde um ou ambos os pais j\u00e1 vem de um relacionamento anterior, e trazem consigo seus filhos para a nova rela\u00e7\u00e3o.<\/p>\n<p>&nbsp;<\/p>\n<p>&nbsp;<\/p>\n<ol start=\"4\">\n<li><strong>Fam\u00edlia Pluriparental ou Mosaico<\/strong><\/li>\n<\/ol>\n<p>Essa nova estrutura familiar \u00e9 aquela constitu\u00edda atrav\u00e9s do matrim\u00f4nio ou da uni\u00e3o est\u00e1vel de um casal, onde um ou ambos de seus membros possuem filhos provenientes de rela\u00e7\u00f5es anteriores.<\/p>\n<p>&nbsp;<\/p>\n<ol start=\"5\">\n<li><strong>Fam\u00edlia Eudemonista<\/strong><\/li>\n<\/ol>\n<p>Este tipo de fam\u00edlia \u00e9 um conceito moderno que se refere a um grupo familiar buscando a realiza\u00e7\u00e3o plena de seus membros, e caracteriza-se pela comunh\u00e3o de afeto, considera\u00e7\u00e3o e respeito m\u00fatuo entre as pessoas que a comp\u00f5em.<\/p>\n<p>&nbsp;<\/p>\n<ol start=\"6\">\n<li><strong>Fam\u00edlia Homoafetiva<\/strong><\/li>\n<\/ol>\n<p>Esta \u00e9 composta por duas pessoas do mesmo sexo, que via de regra, possui inten\u00e7\u00e3o de adotar crian\u00e7as ou adolescentes para constituir fam\u00edlia.<\/p>\n<p><strong>\u00a0<\/strong><\/p>\n<ol start=\"7\">\n<li><strong>Fam\u00edlia Simult\u00e2nea\/Paralela<\/strong><\/li>\n<\/ol>\n<p>Enquadra-se nos casos em que um indiv\u00edduo mant\u00e9m duas rela\u00e7\u00f5es ao mesmo tempo, como por exemplo, a pessoa que \u00e9 casada com uma pessoa, mantendo mant\u00e9m a uni\u00e3o est\u00e1vel com outra.<\/p>\n<p>&nbsp;<\/p>\n<ol start=\"8\">\n<li><strong>Fam\u00edlia Anaparental<\/strong><\/li>\n<\/ol>\n<p>A fam\u00edlia anaparental \u00e9 integrada por pessoas que n\u00e3o guardam v\u00ednculo parental estrito ou consangu\u00edneo. Pessoas \u201cagregadas\u201d tamb\u00e9m podem compor este modelo (v\u00ednculo afetivo).<\/p>\n<p>&nbsp;<\/p>\n<p>Desta forma, pode-se observar que h\u00e1 diversos tipos de fam\u00edlias constituindo o cen\u00e1rio brasileiro, o que acabou reinventando tal conceito e deixando para tr\u00e1s aquela velha impress\u00e3o de \u2018pai, m\u00e3e e filho\u2019.<\/p>\n<p>&nbsp;<\/p>\n<p><a href=\"https:\/\/iem.adv.br\/blog\/\">Esperamos ter contribu\u00eddo um pouco mais, trazendo uma informa\u00e7\u00e3o interessante e relevante. Se quiser saber\u00a0 sobre outros temas, clique aqui.<\/a><\/p>\n<p>&nbsp;<\/p>\n<p>&nbsp;<\/p>\n<p>&nbsp;<\/p>\n","protected":false},"excerpt":{"rendered":"<p>Ao longo dos anos uma das institui\u00e7\u00f5es mais importantes da sociedade, a fam\u00edlia, vem passando por diversas transforma\u00e7\u00f5es. Com a Constitui\u00e7\u00e3o Federal de 1988 e seus princ\u00edpios \u2013 que visam garantir a Dignidade da Pessoa Humana \u2013, abriu-se a possibilidade para forma\u00e7\u00e3o de diversas estruturas familiares. &nbsp; Sem d\u00favida alguma, podemos dizer que o Direito [&hellip;]<\/p>\n","protected":false},"author":2,"featured_media":788,"comment_status":"open","ping_status":"open","sticky":false,"template":"","format":"standard","meta":{"footnotes":""},"categories":[8],"tags":[],"_links":{"self":[{"href":"https:\/\/iem.adv.br\/home\/wp-json\/wp\/v2\/posts\/787"}],"collection":[{"href":"https:\/\/iem.adv.br\/home\/wp-json\/wp\/v2\/posts"}],"about":[{"href":"https:\/\/iem.adv.br\/home\/wp-json\/wp\/v2\/types\/post"}],"author":[{"embeddable":true,"href":"https:\/\/iem.adv.br\/home\/wp-json\/wp\/v2\/users\/2"}],"replies":[{"embeddable":true,"href":"https:\/\/iem.adv.br\/home\/wp-json\/wp\/v2\/comments?post=787"}],"version-history":[{"count":4,"href":"https:\/\/iem.adv.br\/home\/wp-json\/wp\/v2\/posts\/787\/revisions"}],"predecessor-version":[{"id":845,"href":"https:\/\/iem.adv.br\/home\/wp-json\/wp\/v2\/posts\/787\/revisions\/845"}],"wp:featuredmedia":[{"embeddable":true,"href":"https:\/\/iem.adv.br\/home\/wp-json\/wp\/v2\/media\/788"}],"wp:attachment":[{"href":"https:\/\/iem.adv.br\/home\/wp-json\/wp\/v2\/media?parent=787"}],"wp:term":[{"taxonomy":"category","embeddable":true,"href":"https:\/\/iem.adv.br\/home\/wp-json\/wp\/v2\/categories?post=787"},{"taxonomy":"post_tag","embeddable":true,"href":"https:\/\/iem.adv.br\/home\/wp-json\/wp\/v2\/tags?post=787"}],"curies":[{"name":"wp","href":"https:\/\/api.w.org\/{rel}","templated":true}]}}