{"id":782,"date":"2018-01-10T16:00:38","date_gmt":"2018-01-10T18:00:38","guid":{"rendered":"https:\/\/iem.adv.br\/?p=782"},"modified":"2018-02-07T14:01:05","modified_gmt":"2018-02-07T16:01:05","slug":"voce-sabia-que-existe-a-reciprocidade-na-prestacao-de-alimentos-entre-pais-e-filhos","status":"publish","type":"post","link":"https:\/\/iem.adv.br\/home\/2018\/01\/10\/voce-sabia-que-existe-a-reciprocidade-na-prestacao-de-alimentos-entre-pais-e-filhos\/","title":{"rendered":"Voc\u00ea sabia que existe a reciprocidade na presta\u00e7\u00e3o de Alimentos entre pais e filhos?"},"content":{"rendered":"<p>No conceito jur\u00eddico, a palavra \u2018alimentos\u2019 se refere a quantia paga por uma das partes \u00e0 outra, sendo que esta quantia deve ser suficiente para manter o sustento m\u00ednimo, ou seja: garantir o lazer, educa\u00e7\u00e3o, vestu\u00e1rio e tudo mais que for assegurado pela Constitui\u00e7\u00e3o Federal de 1988. Logo, presume-se que referido valor deve ser suficiente n\u00e3o s\u00f3 para garantir restritivamente o sustento da pessoa que recebe, mas tamb\u00e9m serve de respaldo para sua condi\u00e7\u00e3o social, moral e digna.<\/p>\n<p>&nbsp;<\/p>\n<p>Aplicando este tema \u00e0 realidade, podem-se observar muitos casos em que pais prestam alimentos aos filhos, mas dificilmente nota-se o contr\u00e1rio. Por\u00e9m, \u00e9 perfeitamente cab\u00edvel ao pai cobrar alimentos do filho, desde que tenha cumprido com suas obriga\u00e7\u00f5es. A justificativa para tal se funda no seguinte fato: da mesma forma que os ascendentes devem manter os descendentes at\u00e9 que estes possam se sustentar, os descentes tamb\u00e9m devem prestar a mesma assist\u00eancia aos ascendentes que n\u00e3o podem providenciar sua pr\u00f3pria manten\u00e7a; pois n\u00e3o seria justo se assim n\u00e3o fosse.<\/p>\n<p>&nbsp;<\/p>\n<p>De acordo com o artigo 1696, do C\u00f3digo Civil, \u201c<em>O direito \u00e0 presta\u00e7\u00e3o de alimentos \u00e9 rec\u00edproco entre pais e filhos, e extensivo a todos os ascendentes, recaindo a obriga\u00e7\u00e3o nos mais pr\u00f3ximos em grau, uns em falta de outros<\/em>.\u201d. Para melhor elucida\u00e7\u00e3o, este dever se ap\u00f3ia nos la\u00e7os parentais que ligam os indiv\u00edduos, e por esse motivo, os indiv\u00edduos componentes da fam\u00edlia devem agir de acordo com a solidariedade da obriga\u00e7\u00e3o alimentar.<\/p>\n<p><strong>\u00a0<\/strong><\/p>\n<p><strong>\u00a0<\/strong><\/p>\n<p><strong>\u00a0O que \u00e9 a solidariedade da obriga\u00e7\u00e3o alimentar?<\/strong><\/p>\n<p><strong>\u00a0<\/strong><\/p>\n<p>A solidariedade da obriga\u00e7\u00e3o alimentar tem por base os princ\u00edpios da Dignidade da Pessoa Humana e Solidariedade. O princ\u00edpio da Dignidade da Pessoa Humana est\u00e1 assegurado pela Constitui\u00e7\u00e3o em seu art. 3\u00ba, I, e garante os direitos inerentes \u00e0 pessoa, como por exemplo, os direitos sociais, culturais, morais, pol\u00edticos e etc. Estes direitos imp\u00f5em muitos deveres, entre eles, o dever de garantir uma rela\u00e7\u00e3o amorosa entre pessoas que possuem um v\u00ednculo afetivo. Esta rela\u00e7\u00e3o, por consequ\u00eancia, \u00e9 dotada de solidariedade, tanto social, quanto familiar, e originam a solidariedade da obriga\u00e7\u00e3o alimentar.<\/p>\n<p>&nbsp;<\/p>\n<p>&nbsp;<\/p>\n<p><strong>Em quais situa\u00e7\u00f5es os pais podem cobrar alimentos dos filhos? <\/strong><\/p>\n<p><strong>\u00a0<\/strong><\/p>\n<p>H\u00e1 diversos motivos que levam os pais a solicitar aux\u00edlio financeiro de seus filhos. Com o passar do tempo, o ser humano envelhece e a probabilidade de garantir o seu pr\u00f3prio sustento diminui, seja por doen\u00e7a que requer diversos gastos hospitalares e medicinais, seja por n\u00e3o possu\u00edrem capacidade f\u00edsica para continuar exercendo atividades laborais (durante a vida, n\u00e3o se exerceu qualquer atividade garantidora do benef\u00edcio INSS).<\/p>\n<p>&nbsp;<\/p>\n<p>Nas situa\u00e7\u00f5es supracitadas, caso o pai \u2013 impossibilitado ou idoso \u2013 pe\u00e7a ao filho e este se recuse, h\u00e1 a possibilidade de se pleitear o direito de receber os alimentos em ju\u00edzo. A lei prev\u00ea diversos meios que protegem e promovem esses direitos, a come\u00e7ar pela Constitui\u00e7\u00e3o Federal de 1988, que cita em seu art. 240: \u201cA fam\u00edlia, a sociedade e o Estado t\u00eam o dever de amparar as pessoas idosas, assegurando sua participa\u00e7\u00e3o na comunidade, defendendo sua dignidade e bem-estar e garantindo-lhes o direito \u00e0 vida.\u201d.<\/p>\n<p>&nbsp;<\/p>\n<p>Existe tamb\u00e9m regulamenta\u00e7\u00e3o espec\u00edfica, a t\u00edtulo de exemplo, o art. 30 do Estatuto do Idoso, que assegura o direito \u00e0 vida, sa\u00fade, alimenta\u00e7\u00e3o, educa\u00e7\u00e3o, entre outros direitos fundamentais.<\/p>\n<p>&nbsp;<\/p>\n<p>Ante o exposto, nota-se que a presta\u00e7\u00e3o de alimentos devida dos filhos aos pais \u00e9 mais comum no caso dos genitores idosos, que j\u00e1 tem a capacidade reduzida e a necessidade ainda maior.<\/p>\n<p>&nbsp;<\/p>\n<p>O que quer\u00edamos deixar claro \u00e9 que na rela\u00e7\u00e3o reta, que \u00e9 entre pais, filhos, av\u00f3s, bisav\u00f3s e por a\u00ed vai sempre h\u00e1 obriga\u00e7\u00e3o de alimentos, comprovando-se, obviamente, a necessidade de um lado e a possibilidade do outro.<\/p>\n<p><a href=\"https:\/\/iem.adv.br\/blog\/\">Esperamos ter contribu\u00eddo um pouco mais, trazendo uma informa\u00e7\u00e3o interessante e relevante. Se quiser saber sobre outros temas, clique aqui.\u00a0<\/a><\/p>\n<p>&nbsp;<\/p>\n","protected":false},"excerpt":{"rendered":"<p>No conceito jur\u00eddico, a palavra \u2018alimentos\u2019 se refere a quantia paga por uma das partes \u00e0 outra, sendo que esta quantia deve ser suficiente para manter o sustento m\u00ednimo, ou seja: garantir o lazer, educa\u00e7\u00e3o, vestu\u00e1rio e tudo mais que for assegurado pela Constitui\u00e7\u00e3o Federal de 1988. Logo, presume-se que referido valor deve ser suficiente [&hellip;]<\/p>\n","protected":false},"author":2,"featured_media":783,"comment_status":"open","ping_status":"open","sticky":false,"template":"","format":"standard","meta":{"footnotes":""},"categories":[8],"tags":[],"_links":{"self":[{"href":"https:\/\/iem.adv.br\/home\/wp-json\/wp\/v2\/posts\/782"}],"collection":[{"href":"https:\/\/iem.adv.br\/home\/wp-json\/wp\/v2\/posts"}],"about":[{"href":"https:\/\/iem.adv.br\/home\/wp-json\/wp\/v2\/types\/post"}],"author":[{"embeddable":true,"href":"https:\/\/iem.adv.br\/home\/wp-json\/wp\/v2\/users\/2"}],"replies":[{"embeddable":true,"href":"https:\/\/iem.adv.br\/home\/wp-json\/wp\/v2\/comments?post=782"}],"version-history":[{"count":6,"href":"https:\/\/iem.adv.br\/home\/wp-json\/wp\/v2\/posts\/782\/revisions"}],"predecessor-version":[{"id":846,"href":"https:\/\/iem.adv.br\/home\/wp-json\/wp\/v2\/posts\/782\/revisions\/846"}],"wp:featuredmedia":[{"embeddable":true,"href":"https:\/\/iem.adv.br\/home\/wp-json\/wp\/v2\/media\/783"}],"wp:attachment":[{"href":"https:\/\/iem.adv.br\/home\/wp-json\/wp\/v2\/media?parent=782"}],"wp:term":[{"taxonomy":"category","embeddable":true,"href":"https:\/\/iem.adv.br\/home\/wp-json\/wp\/v2\/categories?post=782"},{"taxonomy":"post_tag","embeddable":true,"href":"https:\/\/iem.adv.br\/home\/wp-json\/wp\/v2\/tags?post=782"}],"curies":[{"name":"wp","href":"https:\/\/api.w.org\/{rel}","templated":true}]}}