{"id":646,"date":"2017-11-21T17:50:25","date_gmt":"2017-11-21T19:50:25","guid":{"rendered":"https:\/\/iem.adv.br\/?p=646"},"modified":"2017-11-21T17:51:27","modified_gmt":"2017-11-21T19:51:27","slug":"o-que-e-o-vicio-de-um-produto","status":"publish","type":"post","link":"https:\/\/iem.adv.br\/home\/2017\/11\/21\/o-que-e-o-vicio-de-um-produto\/","title":{"rendered":"O que \u00e9 o V\u00edcio de um Produto?"},"content":{"rendered":"<p>Qual a diferen\u00e7a de VICIO e DEFEITO?<\/p>\n<p>O direito do consumidor, embora tenha como escopo sua simplicidade, as vezes nos apresenta temas complexos e com sutis diferen\u00e7as, como o abordado a seguir:<\/p>\n<p>V\u00edcio e defeito, por mais que pare\u00e7am similares, t\u00eam suas diferen\u00e7as.<\/p>\n<p>Ambos s\u00e3o pertinentes a responsabilidade do fornecedor de produtos e\/ou servi\u00e7os.<\/p>\n<p>O <strong>fornecedor \u00e9 quem responde pelo v\u00edcio do produto ou servi\u00e7o<\/strong>, indenizando o consumidor ou reparando o produto ou servi\u00e7o fornecido.<\/p>\n<p>Em primeiro lugar \u00e9 importante salientar que <strong>a responsabilidade mencionada abrange somente a coisa<\/strong>, ou seja, produto ou servi\u00e7o que foi adquirido pelo consumidor.<\/p>\n<p>Na Lei o v\u00edcio \u00e9 abordado nos artigos 18, 20 e seguintes do C\u00f3digo de Defesa do consumidor.<\/p>\n<p><strong>Mas no fim das contas, o que \u00e9 o v\u00edcio?<\/strong><\/p>\n<p>V\u00edcio \u00e9 a falha na quantidade ou qualidade no servi\u00e7o ou produto fornecido.<\/p>\n<p>Trata-se de algum aspecto que j\u00e1 existia, mas que apenas pode ser notado durante o uso do produto ou servi\u00e7o, ou seja, algo que se op\u00f5e (contr\u00e1rio) ao que foi informado na embalagem, bula, manual de instru\u00e7\u00f5es, an\u00fancios e etc&#8230;<\/p>\n<p>Quando falta algo que estava descrito na embalagem ou na publicidade do produto, dizemos que ele padece de um v\u00edcio.<\/p>\n<p>O art. 18 e 19 do CDC, explicam bem o assunto.<\/p>\n<p>Um exemplo que podemos citar de v\u00edcio \u00e9 do indiv\u00edduo que compra um celular, considerado o top de linha (melhor do mercado) em autonomia de bateria, mas, na pr\u00e1tica, n\u00e3o dura nem 3 horas em uso moderado. \u00c9 evidente que h\u00e1 um v\u00edcio, pois, qualquer consumidor sabe que um celular dura, no m\u00ednimo, seis a oito horas.<\/p>\n<p>Ao notar que existe algo errado, o consumidor pode valer-se do que est\u00e1 disposto nos par\u00e1grafos primeiro do artigo 18 e no <em>caput <\/em>do artigo 19, ambos do CDC.<\/p>\n<p>\u00c9 importante salientar que o v\u00edcio que estamos falando n\u00e3o tem rela\u00e7\u00e3o com o <strong>v\u00edcio redibit\u00f3rio<\/strong>, que \u00e9 aquele que se manifesta tempos depois da compra do produto, que no in\u00edcio e durante certo tempo de uso parecia perfeito. Um exemplo de v\u00edcio redibit\u00f3rio s\u00e3o os problemas apresentados em ve\u00edculos, como o motor que funde depois de certo tempo e uso, mesmo na sua utiliza\u00e7\u00e3o e manuten\u00e7\u00e3o adequada. Por isso, inclusive, as f\u00e1bricas fazem os tais \u201crecall\u201d.<\/p>\n<p>O vicio que pretendemos deixar bem claro diz respeito a incompatibilidade entre o produto comprado e suas especifica\u00e7\u00f5es e\/ou publicidade, podendo ser esses ocultos (estarem dentro do produto, sem apar\u00eancia imediata) ou aparentes (not\u00e1veis na parte externa do produto, logo de imediato).<\/p>\n<p>Para finalizarmos, \u00e9 importante ressaltar que vicio n\u00e3o se confunde com defeito, que tem natureza muito mais grave. E por isso falaremos do defeito neste artigo<a class=\"_ps2id\" href=\"https:\/\/iem.adv.br\/2017\/11\/21\/a-diferenca-entre-vicio-e-defeito\/\" data-ps2id-offset=\"\"> <strong><u>(clique aqui)<\/u><\/strong><\/a><\/p>\n","protected":false},"excerpt":{"rendered":"<p>Qual a diferen\u00e7a de VICIO e DEFEITO? O direito do consumidor, embora tenha como escopo sua simplicidade, as vezes nos apresenta temas complexos e com sutis diferen\u00e7as, como o abordado a seguir: V\u00edcio e defeito, por mais que pare\u00e7am similares, t\u00eam suas diferen\u00e7as. Ambos s\u00e3o pertinentes a responsabilidade do fornecedor de produtos e\/ou servi\u00e7os. O [&hellip;]<\/p>\n","protected":false},"author":2,"featured_media":643,"comment_status":"open","ping_status":"open","sticky":false,"template":"","format":"standard","meta":{"footnotes":""},"categories":[9],"tags":[],"_links":{"self":[{"href":"https:\/\/iem.adv.br\/home\/wp-json\/wp\/v2\/posts\/646"}],"collection":[{"href":"https:\/\/iem.adv.br\/home\/wp-json\/wp\/v2\/posts"}],"about":[{"href":"https:\/\/iem.adv.br\/home\/wp-json\/wp\/v2\/types\/post"}],"author":[{"embeddable":true,"href":"https:\/\/iem.adv.br\/home\/wp-json\/wp\/v2\/users\/2"}],"replies":[{"embeddable":true,"href":"https:\/\/iem.adv.br\/home\/wp-json\/wp\/v2\/comments?post=646"}],"version-history":[{"count":2,"href":"https:\/\/iem.adv.br\/home\/wp-json\/wp\/v2\/posts\/646\/revisions"}],"predecessor-version":[{"id":648,"href":"https:\/\/iem.adv.br\/home\/wp-json\/wp\/v2\/posts\/646\/revisions\/648"}],"wp:featuredmedia":[{"embeddable":true,"href":"https:\/\/iem.adv.br\/home\/wp-json\/wp\/v2\/media\/643"}],"wp:attachment":[{"href":"https:\/\/iem.adv.br\/home\/wp-json\/wp\/v2\/media?parent=646"}],"wp:term":[{"taxonomy":"category","embeddable":true,"href":"https:\/\/iem.adv.br\/home\/wp-json\/wp\/v2\/categories?post=646"},{"taxonomy":"post_tag","embeddable":true,"href":"https:\/\/iem.adv.br\/home\/wp-json\/wp\/v2\/tags?post=646"}],"curies":[{"name":"wp","href":"https:\/\/api.w.org\/{rel}","templated":true}]}}