{"id":590,"date":"2017-11-13T17:00:36","date_gmt":"2017-11-13T19:00:36","guid":{"rendered":"https:\/\/iem.adv.br\/?p=590"},"modified":"2018-02-07T14:01:37","modified_gmt":"2018-02-07T16:01:37","slug":"por-que-a-espera-pela-adocao-e-tao-longa","status":"publish","type":"post","link":"https:\/\/iem.adv.br\/home\/2017\/11\/13\/por-que-a-espera-pela-adocao-e-tao-longa\/","title":{"rendered":"Por que a espera pela ado\u00e7\u00e3o \u00e9 t\u00e3o longa?"},"content":{"rendered":"<p>O processo de ado\u00e7\u00e3o \u00e9 algo que deve ser feito de maneira minuciosa, tendo em vista que a lei garante o direito fundamental da conviv\u00eancia familiar de toda crian\u00e7a e adolescente. Para a constitui\u00e7\u00e3o de fam\u00edlia, o Estado deve verificar se as fam\u00edlias adotantes podem oferecer tudo que uma crian\u00e7a\/adolescente merece, como por exemplo, o conforto, o afeto, a estrutura familiar, o acesso devido \u00e0 educa\u00e7\u00e3o e etc. De maneira geral, as exig\u00eancias cobradas para adotar, observam a possibilidade que a fam\u00edlia possui de proporcionar \u00e0 crian\u00e7a\/adolescente o desenvolvimento social, f\u00edsico, psicol\u00f3gico e educacional.<\/p>\n<p>O pedido de ado\u00e7\u00e3o \u00e9 avaliado por uma equipe de profissionais composta por psic\u00f3logos e assistentes sociais. Ap\u00f3s, os candidatos que pretendem se tornarem pais dever\u00e3o passar pela fase de entrevistas.<\/p>\n<p>\u00c9 justamente neste ponto que entra a quest\u00e3o da demora em se adquirir o poder familiar de uma crian\u00e7a que n\u00e3o possui la\u00e7os sangu\u00edneos com os pais. Estes ter\u00e3o que responder quest\u00f5es relacionadas ao que se espera da crian\u00e7a\/adolescente prestes a ser adotado, que englobam: o quanto o filho \u00e9 planejado ou desejado, a idealiza\u00e7\u00e3o dos pais perante esse filho, e como ir\u00e3o lidar com a situa\u00e7\u00e3o de ado\u00e7\u00e3o.<\/p>\n<p>A essa altura, o processo poder\u00e1 se prolongar de acordo com os requisitos exigidos pelos pais, ou seja, quanto mais exig\u00eancias por parte dos adotantes, maior o tempo de espera. No caso concreto, se a pessoa n\u00e3o imp\u00f5e a prefer\u00eancia de sexo, a etnia, n\u00e3o restringe a idade, ou aceita grupo de irm\u00e3os, a ado\u00e7\u00e3o poder\u00e1 ser muito mais r\u00e1pida.<\/p>\n<p><strong>\u00a0<\/strong><\/p>\n<p><strong>E por que as crian\u00e7as permanecem tanto tempo em abrigos? <\/strong><\/p>\n<p><strong>\u00a0<\/strong><\/p>\n<p>De acordo com o Cadastro Nacional de Ado\u00e7\u00e3o (CNA) e com Cadastro Nacional de Crian\u00e7as e Adolescentes Acolhidos (CNCA), existem no Brasil cerca de 5.000 crian\u00e7as com as condi\u00e7\u00f5es necess\u00e1rias para a ado\u00e7\u00e3o, e cerca de quase 30.000 fam\u00edlias esperando para adotar uma crian\u00e7a\/adolescente. Os dados ainda informam que h\u00e1 mais de 40.000 crian\u00e7as aguardando uma fam\u00edlia em abrigos. A quest\u00e3o \u00e9: Se existem tantas pessoas predispostas a adotar uma crian\u00e7a, por que os n\u00fameros no CNA n\u00e3o param de subir?<\/p>\n<p>Esta pergunta pode ser respondida justamente pelo fato de que o perfil das crian\u00e7as dispon\u00edveis para a ado\u00e7\u00e3o n\u00e3o corresponde ao perfil de descri\u00e7\u00e3o dos pais que aguardam para adotar.<\/p>\n<p>Para tornar o processo de ado\u00e7\u00e3o mais c\u00e9lere, instaurou-se em 2008 o Cadastro Nacional de Ado\u00e7\u00e3o (CNA) como ferramenta de aux\u00edlio, pois este re\u00fane e busca disponibilizar para os Ju\u00edzes das Varas da Inf\u00e2ncia e Juventude todos os dados das crian\u00e7as e adolescentes que encontram-se abrigados. Para cadastrar tanto o perfil dos adotantes, quanto dos adotados, s\u00e3o necess\u00e1rias que se respondam somente 12 quest\u00f5es de informa\u00e7\u00f5es b\u00e1sicas. No mais, o sistema notifica o magistrado sobre a exist\u00eancia de compatibilidade dos pais com as crian\u00e7as j\u00e1 cadastradas.<\/p>\n<p>A Nova Lei de Ado\u00e7\u00e3o de 03 de Agosto de 2009, em seu artigo 19\u00b0, par\u00e1grafo segundo, tamb\u00e9m prev\u00ea uma medida protetiva aos que se encontram nos abrigos, j\u00e1 que nenhuma crian\u00e7a ou adolescente deve permanecer em programa de acolhimento institucional por mais de dois anos.<\/p>\n<p><a href=\"https:\/\/iem.adv.br\/2017\/10\/10\/meu-ex-companheiro-a-alega-nao-poder-contribuir-com-a-pensao-do-a-nosso-a-filho-a-mas-vive-ostentando-nas-redes-sociais\/\">Gostou do artigo? Leia tamb\u00e9m:\u00a0Meu ex-companheiro (a) alega n\u00e3o poder contribuir com a pens\u00e3o do (a) nosso (a) filho (a), mas vive \u201costentando\u201d nas redes sociais<\/a><\/p>\n<p style=\"text-align: right;\"><strong>Vit\u00f3ria Niumen.<\/strong><\/p>\n","protected":false},"excerpt":{"rendered":"<p>O processo de ado\u00e7\u00e3o \u00e9 algo que deve ser feito de maneira minuciosa, tendo em vista que a lei garante o direito fundamental da conviv\u00eancia familiar de toda crian\u00e7a e adolescente. Para a constitui\u00e7\u00e3o de fam\u00edlia, o Estado deve verificar se as fam\u00edlias adotantes podem oferecer tudo que uma crian\u00e7a\/adolescente merece, como por exemplo, o [&hellip;]<\/p>\n","protected":false},"author":2,"featured_media":591,"comment_status":"open","ping_status":"open","sticky":false,"template":"","format":"standard","meta":{"footnotes":""},"categories":[8],"tags":[],"_links":{"self":[{"href":"https:\/\/iem.adv.br\/home\/wp-json\/wp\/v2\/posts\/590"}],"collection":[{"href":"https:\/\/iem.adv.br\/home\/wp-json\/wp\/v2\/posts"}],"about":[{"href":"https:\/\/iem.adv.br\/home\/wp-json\/wp\/v2\/types\/post"}],"author":[{"embeddable":true,"href":"https:\/\/iem.adv.br\/home\/wp-json\/wp\/v2\/users\/2"}],"replies":[{"embeddable":true,"href":"https:\/\/iem.adv.br\/home\/wp-json\/wp\/v2\/comments?post=590"}],"version-history":[{"count":5,"href":"https:\/\/iem.adv.br\/home\/wp-json\/wp\/v2\/posts\/590\/revisions"}],"predecessor-version":[{"id":671,"href":"https:\/\/iem.adv.br\/home\/wp-json\/wp\/v2\/posts\/590\/revisions\/671"}],"wp:featuredmedia":[{"embeddable":true,"href":"https:\/\/iem.adv.br\/home\/wp-json\/wp\/v2\/media\/591"}],"wp:attachment":[{"href":"https:\/\/iem.adv.br\/home\/wp-json\/wp\/v2\/media?parent=590"}],"wp:term":[{"taxonomy":"category","embeddable":true,"href":"https:\/\/iem.adv.br\/home\/wp-json\/wp\/v2\/categories?post=590"},{"taxonomy":"post_tag","embeddable":true,"href":"https:\/\/iem.adv.br\/home\/wp-json\/wp\/v2\/tags?post=590"}],"curies":[{"name":"wp","href":"https:\/\/api.w.org\/{rel}","templated":true}]}}