{"id":541,"date":"2017-10-10T17:00:21","date_gmt":"2017-10-10T20:00:21","guid":{"rendered":"https:\/\/iem.adv.br\/?p=541"},"modified":"2017-11-23T14:18:01","modified_gmt":"2017-11-23T16:18:01","slug":"meu-ex-companheiro-a-alega-nao-poder-contribuir-com-a-pensao-do-a-nosso-a-filho-a-mas-vive-ostentando-nas-redes-sociais","status":"publish","type":"post","link":"https:\/\/iem.adv.br\/home\/2017\/10\/10\/meu-ex-companheiro-a-alega-nao-poder-contribuir-com-a-pensao-do-a-nosso-a-filho-a-mas-vive-ostentando-nas-redes-sociais\/","title":{"rendered":"Meu ex-companheiro (a) alega n\u00e3o poder contribuir com a pens\u00e3o do (a) nosso (a) filho (a), mas vive \u201costentando\u201d nas redes sociais"},"content":{"rendered":"<p><span style=\"font-weight: 400;\">O meu ex-companheiro, alega n\u00e3o ter condi\u00e7\u00f5es de pagar a pens\u00e3o do nosso filho (a), pois est\u00e1 desempregado, mas vive \u201costentando\u201d nas redes sociais o que eu devo fazer, para que ele pague a pens\u00e3o? <\/span><\/p>\n<p><span style=\"font-weight: 400;\">O valor estabelecido para o pagamento da pens\u00e3o aliment\u00edcia \u00e9 definido a partir das necessidades da crian\u00e7a e da condi\u00e7\u00e3o financeira do pai ou m\u00e3e. \u00a0<\/span><\/p>\n<p><span style=\"font-weight: 400;\">Todo conte\u00fado disponibilizado nas redes sociais podem se tornar prova em um processo de fixa\u00e7\u00e3o de alimentos ou mesmo de revis\u00e3o desse pagamento.<\/span><\/p>\n<p><span style=\"font-weight: 400;\">Importante salientar que tais provas devem ser relevantes ao processo. Ou seja, n\u00e3o seja trata de fotos ou c\u00f3pias de \u201cposts\u201d que exprimem pessoalidades, ci\u00fames ou vingan\u00e7as ou situa\u00e7\u00f5es semelhantes.<\/span><\/p>\n<p><span style=\"font-weight: 400;\">\u00c9 importante mostrar a rotina nas redes sociais, como por exemplo, viagens, compra de eletr\u00f4nicos, festas etc.<\/span><\/p>\n<p><span style=\"font-weight: 400;\">O problema n\u00e3o est\u00e1 em curtir a vida, mas sim na irresponsabilidade. Ou seja, deixar de pagar pens\u00e3o e viver egoisticamente.<\/span><\/p>\n<p><span style=\"font-weight: 400;\">Caso isso venha a acontecer, registre as provas e encaminhe ao seu advogado, ele saber\u00e1 como prosseguir com essa situa\u00e7\u00e3o.<\/span><\/p>\n<p><a href=\"https:\/\/iem.adv.br\/2017\/11\/13\/por-que-a-espera-pela-adocao-e-tao-longa\/\">Gostou do artigo? Leia tamb\u00e9m:\u00a0Por que a espera pela ado\u00e7\u00e3o \u00e9 t\u00e3o longa?<\/a><\/p>\n","protected":false},"excerpt":{"rendered":"<p>O meu ex-companheiro, alega n\u00e3o ter condi\u00e7\u00f5es de pagar a pens\u00e3o do nosso filho (a), pois est\u00e1 desempregado, mas vive \u201costentando\u201d nas redes sociais o que eu devo fazer, para que ele pague a pens\u00e3o? O valor estabelecido para o pagamento da pens\u00e3o aliment\u00edcia \u00e9 definido a partir das necessidades da crian\u00e7a e da condi\u00e7\u00e3o [&hellip;]<\/p>\n","protected":false},"author":2,"featured_media":542,"comment_status":"open","ping_status":"open","sticky":false,"template":"","format":"standard","meta":{"footnotes":""},"categories":[8],"tags":[],"_links":{"self":[{"href":"https:\/\/iem.adv.br\/home\/wp-json\/wp\/v2\/posts\/541"}],"collection":[{"href":"https:\/\/iem.adv.br\/home\/wp-json\/wp\/v2\/posts"}],"about":[{"href":"https:\/\/iem.adv.br\/home\/wp-json\/wp\/v2\/types\/post"}],"author":[{"embeddable":true,"href":"https:\/\/iem.adv.br\/home\/wp-json\/wp\/v2\/users\/2"}],"replies":[{"embeddable":true,"href":"https:\/\/iem.adv.br\/home\/wp-json\/wp\/v2\/comments?post=541"}],"version-history":[{"count":3,"href":"https:\/\/iem.adv.br\/home\/wp-json\/wp\/v2\/posts\/541\/revisions"}],"predecessor-version":[{"id":672,"href":"https:\/\/iem.adv.br\/home\/wp-json\/wp\/v2\/posts\/541\/revisions\/672"}],"wp:featuredmedia":[{"embeddable":true,"href":"https:\/\/iem.adv.br\/home\/wp-json\/wp\/v2\/media\/542"}],"wp:attachment":[{"href":"https:\/\/iem.adv.br\/home\/wp-json\/wp\/v2\/media?parent=541"}],"wp:term":[{"taxonomy":"category","embeddable":true,"href":"https:\/\/iem.adv.br\/home\/wp-json\/wp\/v2\/categories?post=541"},{"taxonomy":"post_tag","embeddable":true,"href":"https:\/\/iem.adv.br\/home\/wp-json\/wp\/v2\/tags?post=541"}],"curies":[{"name":"wp","href":"https:\/\/api.w.org\/{rel}","templated":true}]}}