{"id":524,"date":"2017-10-06T16:00:33","date_gmt":"2017-10-06T19:00:33","guid":{"rendered":"https:\/\/iem.adv.br\/?p=524"},"modified":"2017-11-23T13:40:04","modified_gmt":"2017-11-23T15:40:04","slug":"entenda-os-tipos-de-garantias-que-existem","status":"publish","type":"post","link":"https:\/\/iem.adv.br\/home\/2017\/10\/06\/entenda-os-tipos-de-garantias-que-existem\/","title":{"rendered":"Entenda os tipos de garantias que existem"},"content":{"rendered":"<p><b>Garantia legal:<\/b><span style=\"font-weight: 400;\"> A garantia legal \u00e9 aquela estabelecida pelo C\u00f3digo de Defesa do Consumidor o (CDC) essa modalidade de garantia \u00e9 independente de previs\u00e3o em contrato, ou seja, a lei garante e ponto, \u00e9 um direito seu como consumidor (a). <\/span><span style=\"font-weight: 400;\"><br \/>\n<\/span><span style=\"font-weight: 400;\">Para produtos n\u00e3o dur\u00e1veis (um alimento por exemplo) o prazo para voc\u00ea reclamar \u00e9 de 30 dias, j\u00e1 para produtos dur\u00e1veis como, por exemplo, uma geladeira o prazo \u00e9 de 90 dias. <\/span><\/p>\n<p><span style=\"font-weight: 400;\">O que muitas pessoas n\u00e3o sabem \u00e9 que em caso de v\u00edcio oculto, (Aquele problema que s\u00f3 aparece ap\u00f3s um tempo de uso), o prazo assegurado pelo CDC come\u00e7a contar a partir do momento em que o defeito \u00e9 constatado.<\/span><\/p>\n<p><b>Garantia contratual: <\/b><span style=\"font-weight: 400;\">\u00c9 a garantia dada pelo fornecedor, essa modalidade n\u00e3o \u00e9 obrigat\u00f3ria, o fornecedor d\u00e1 somente se quiser. Sua vig\u00eancia come\u00e7a a contar a partir da data de emiss\u00e3o da nota fiscal, o prazo e as condi\u00e7\u00f5es s\u00e3o impostas pela empresa e podem ser encontradas no \u201ctermo de garantia\u201d do produto em quest\u00e3o.<\/span><\/p>\n<p><b>Garantia estendida: <\/b><span style=\"font-weight: 400;\">Essa modalidade de garantia geralmente \u00e9 oferecida pela loja onde voc\u00ea fez a compra do produto. \u00c9 importante lembrar que a garantia estendida n\u00e3o tem nenhuma rela\u00e7\u00e3o com o fabricante.<\/span><\/p>\n<p><span style=\"font-weight: 400;\">Dentro desse tipo de garantia podemos encontrar tr\u00eas outros, a original cuja cobertura \u00e9 igual a original de f\u00e1brica; original ampliada, que possu\u00ed benef\u00edcios adicionados a garantia original; e a diferenciada que \u00e9 menos abrangente que a original. <\/span><\/p>\n<p><span style=\"font-weight: 400;\">Lembre-se: em caso de garantia estendida ela s\u00f3 passa a valer o fim da garantia original de f\u00e1brica fornecida pelo fornecedor. <\/span><\/p>\n<p><span style=\"font-weight: 400;\">O fornecedor e o fabricante t\u00eam um prazo de 30 dias, a partir da reclama\u00e7\u00e3o, para sanar o problema do produto segundo o CDC. Caso o prazo seja extrapolado, o consumidor pode exigir um produto similar, a devolu\u00e7\u00e3o imediata da quantia paga ou o abatimento proporcional do pre\u00e7o. <\/span><\/p>\n<p><span style=\"font-weight: 400;\">Para produtos essenciais como, por exemplo, geladeira ou fog\u00e3o esse prazo n\u00e3o se aplica a troca deve ser feita imediatamente.<\/span><\/p>\n<p><a href=\"https:\/\/iem.adv.br\/2017\/11\/21\/o-que-e-o-vicio-de-um-produto\/\">Leia tamb\u00e9m:\u00a0O que \u00e9 o V\u00edcio de um Produto?<\/a><\/p>\n","protected":false},"excerpt":{"rendered":"<p>Garantia legal: A garantia legal \u00e9 aquela estabelecida pelo C\u00f3digo de Defesa do Consumidor o (CDC) essa modalidade de garantia \u00e9 independente de previs\u00e3o em contrato, ou seja, a lei garante e ponto, \u00e9 um direito seu como consumidor (a). Para produtos n\u00e3o dur\u00e1veis (um alimento por exemplo) o prazo para voc\u00ea reclamar \u00e9 de [&hellip;]<\/p>\n","protected":false},"author":2,"featured_media":525,"comment_status":"open","ping_status":"open","sticky":false,"template":"","format":"standard","meta":{"footnotes":""},"categories":[9],"tags":[],"_links":{"self":[{"href":"https:\/\/iem.adv.br\/home\/wp-json\/wp\/v2\/posts\/524"}],"collection":[{"href":"https:\/\/iem.adv.br\/home\/wp-json\/wp\/v2\/posts"}],"about":[{"href":"https:\/\/iem.adv.br\/home\/wp-json\/wp\/v2\/types\/post"}],"author":[{"embeddable":true,"href":"https:\/\/iem.adv.br\/home\/wp-json\/wp\/v2\/users\/2"}],"replies":[{"embeddable":true,"href":"https:\/\/iem.adv.br\/home\/wp-json\/wp\/v2\/comments?post=524"}],"version-history":[{"count":3,"href":"https:\/\/iem.adv.br\/home\/wp-json\/wp\/v2\/posts\/524\/revisions"}],"predecessor-version":[{"id":654,"href":"https:\/\/iem.adv.br\/home\/wp-json\/wp\/v2\/posts\/524\/revisions\/654"}],"wp:featuredmedia":[{"embeddable":true,"href":"https:\/\/iem.adv.br\/home\/wp-json\/wp\/v2\/media\/525"}],"wp:attachment":[{"href":"https:\/\/iem.adv.br\/home\/wp-json\/wp\/v2\/media?parent=524"}],"wp:term":[{"taxonomy":"category","embeddable":true,"href":"https:\/\/iem.adv.br\/home\/wp-json\/wp\/v2\/categories?post=524"},{"taxonomy":"post_tag","embeddable":true,"href":"https:\/\/iem.adv.br\/home\/wp-json\/wp\/v2\/tags?post=524"}],"curies":[{"name":"wp","href":"https:\/\/api.w.org\/{rel}","templated":true}]}}