{"id":521,"date":"2017-10-04T14:00:18","date_gmt":"2017-10-04T17:00:18","guid":{"rendered":"https:\/\/iem.adv.br\/?p=521"},"modified":"2017-11-23T13:41:49","modified_gmt":"2017-11-23T15:41:49","slug":"companhia-aerea-pode-cobrar-por-assento-mais-espacoso","status":"publish","type":"post","link":"https:\/\/iem.adv.br\/home\/2017\/10\/04\/companhia-aerea-pode-cobrar-por-assento-mais-espacoso\/","title":{"rendered":"Companhia a\u00e9rea pode cobrar por assento mais espa\u00e7oso?"},"content":{"rendered":"<p><span style=\"font-weight: 400;\">Os \u201cassentos conforto\u201d, como s\u00e3o mais conhecidos, s\u00e3o vendidos por algumas companhias a\u00e9reas com uma taxa extra. <\/span><\/p>\n<p><span style=\"font-weight: 400;\">Essa \u00e9 uma pr\u00e1tica legal? <\/span><\/p>\n<p><strong>Vamos descobrir! <\/strong><\/p>\n<p><span style=\"font-weight: 400;\">Segundo o Idec essa \u00e9 uma pr\u00e1tica abusiva, pois ela contraria o artigo 39, inciso X, do C\u00f3digo de Defesa do Consumidor o (CDC), que n\u00e3o se pode elevar sem justa causa o pre\u00e7o de produtos e servi\u00e7os. <\/span><\/p>\n<p><span style=\"font-weight: 400;\">Os chamados \u201cassentos conforto\u201d s\u00e3o os assentos das primeiras fileiras e os \u00faltimos assentos localizados na sa\u00edda de emerg\u00eancia.\u00a0\u00a0<\/span><\/p>\n<p><span style=\"font-weight: 400;\">Esses assentos j\u00e1 existiam, mas n\u00e3o pelo motivo que s\u00e3o vendidos com taxas adicionais. Est\u00e3o alocados em locais com mais espa\u00e7o por quest\u00f5es estrat\u00e9gicas. Os assentos das fileiras dianteiras foram pensados para atender pessoas com necessidades especiais, j\u00e1 os assentos das sa\u00eddas de emerg\u00eancia foram pensados para preservar a seguran\u00e7a dos passageiros, tanto \u00e9, que os passageiros que sentam-se nesses assentos s\u00e3o os respons\u00e1veis por come\u00e7ar os procedimentos de emerg\u00eancia caso necess\u00e1rio.<\/span><\/p>\n<p><span style=\"font-weight: 400;\">Se algo parecido aconteceu com voc\u00ea, saiba que voc\u00ea tem o direito de pedir reembolso em dobro do valor pago, <\/span><span style=\"font-weight: 400;\">salvo hip\u00f3tese de engano justific\u00e1vel, de acordo com o artigo 42, par\u00e1grafo \u00fanico, do CDC.\u00a0<\/span><\/p>\n<p><a href=\"https:\/\/iem.adv.br\/2017\/09\/15\/problemas-de-saque-no-caixa-eletronico\/\">Leia tamb\u00e9m:\u00a0Problemas de saque no caixa eletr\u00f4nico<\/a><\/p>\n","protected":false},"excerpt":{"rendered":"<p>Os \u201cassentos conforto\u201d, como s\u00e3o mais conhecidos, s\u00e3o vendidos por algumas companhias a\u00e9reas com uma taxa extra. Essa \u00e9 uma pr\u00e1tica legal? Vamos descobrir! Segundo o Idec essa \u00e9 uma pr\u00e1tica abusiva, pois ela contraria o artigo 39, inciso X, do C\u00f3digo de Defesa do Consumidor o (CDC), que n\u00e3o se pode elevar sem justa [&hellip;]<\/p>\n","protected":false},"author":2,"featured_media":522,"comment_status":"open","ping_status":"open","sticky":false,"template":"","format":"standard","meta":{"footnotes":""},"categories":[9],"tags":[],"_links":{"self":[{"href":"https:\/\/iem.adv.br\/home\/wp-json\/wp\/v2\/posts\/521"}],"collection":[{"href":"https:\/\/iem.adv.br\/home\/wp-json\/wp\/v2\/posts"}],"about":[{"href":"https:\/\/iem.adv.br\/home\/wp-json\/wp\/v2\/types\/post"}],"author":[{"embeddable":true,"href":"https:\/\/iem.adv.br\/home\/wp-json\/wp\/v2\/users\/2"}],"replies":[{"embeddable":true,"href":"https:\/\/iem.adv.br\/home\/wp-json\/wp\/v2\/comments?post=521"}],"version-history":[{"count":2,"href":"https:\/\/iem.adv.br\/home\/wp-json\/wp\/v2\/posts\/521\/revisions"}],"predecessor-version":[{"id":655,"href":"https:\/\/iem.adv.br\/home\/wp-json\/wp\/v2\/posts\/521\/revisions\/655"}],"wp:featuredmedia":[{"embeddable":true,"href":"https:\/\/iem.adv.br\/home\/wp-json\/wp\/v2\/media\/522"}],"wp:attachment":[{"href":"https:\/\/iem.adv.br\/home\/wp-json\/wp\/v2\/media?parent=521"}],"wp:term":[{"taxonomy":"category","embeddable":true,"href":"https:\/\/iem.adv.br\/home\/wp-json\/wp\/v2\/categories?post=521"},{"taxonomy":"post_tag","embeddable":true,"href":"https:\/\/iem.adv.br\/home\/wp-json\/wp\/v2\/tags?post=521"}],"curies":[{"name":"wp","href":"https:\/\/api.w.org\/{rel}","templated":true}]}}