{"id":313,"date":"2017-09-12T14:29:28","date_gmt":"2017-09-12T17:29:28","guid":{"rendered":"https:\/\/iem.adv.br\/?p=313"},"modified":"2017-10-09T15:15:57","modified_gmt":"2017-10-09T18:15:57","slug":"deficiente-tem-direito-a-isencao-do-ipva-mesmo-que-nao-seja-o-motorista","status":"publish","type":"post","link":"https:\/\/iem.adv.br\/home\/2017\/09\/12\/deficiente-tem-direito-a-isencao-do-ipva-mesmo-que-nao-seja-o-motorista\/","title":{"rendered":"Deficiente tem direito a isen\u00e7\u00e3o do IPVA mesmo que n\u00e3o seja o motorista"},"content":{"rendered":"<p>O conceito de Pessoas com Defici\u00eancia (PCDs) re\u00fane uma s\u00e9ria de caracter\u00edsticas e particularidades, que permitem a aquisi\u00e7\u00e3o de ve\u00edculos com desconto.<\/p>\n<p>As defici\u00eancias ou limita\u00e7\u00f5es podem ser f\u00edsicas, sensoriais (vis\u00e3o ou audi\u00e7\u00e3o) ou intelectuais.<\/p>\n<p>As vendas dos ve\u00edculos com tal isen\u00e7\u00e3o n\u00e3o s\u00e3o exclusivas para pessoas com defici\u00eancia que v\u00e3o conduzir seus pr\u00f3prios ve\u00edculos, como infelizmente observamos pela leitura restrita da lei, mas tamb\u00e9m para aquelas que possuem uma pessoa que pode conduzir o ve\u00edculo em seu lugar.<\/p>\n<p>A inten\u00e7\u00e3o do legislador, no caso do IPVA (lei 13.296\/2008), por exemplo, n\u00e3o poderia deixar de fora aqueles que mais necessitam do benef\u00edcio, que s\u00e3o as pessoas com defici\u00eancia que sequer re\u00fanem condi\u00e7\u00f5es de dirigir e necessitam de algu\u00e9m para ajuda-las.<\/p>\n<p>O car\u00e1ter de tal benesse \u00e9 social.<\/p>\n<p><strong>Nosso escrit\u00f3rio atua em favor das pessoas com defici\u00eancia e que, por qualquer motivo, encontrem dificuldade na obten\u00e7\u00e3o do benef\u00edcio, seja ele para isen\u00e7\u00e3o do IPI, IOF, ICMS ou mesmo para a isen\u00e7\u00e3o do IPVA<\/strong>, a exemplo do case que citamos relativo ao processo <strong>1006366-11.2017.8.26.0562<\/strong>, que tramitou na 3\u00aa Vara da Fazenda de Santos, <strong>onde foi deferido \u00e0 contribuinte a isen\u00e7\u00e3o do IPVA mesmo n\u00e3o sendo ela a condutora<\/strong>.<\/p>\n<p>O direito, neste caso, deve ser interpretado sempre em conformidade com os princ\u00edpios constitucionais da igualdade e da dignidade da pessoa humana, especialmente no que concerne \u00e0s normas protetiva \u00e0s pessoas deficientes.<\/p>\n<p>Os tributos inclu\u00eddos nesta modalidade: IPI, IOF, ICMS, IPVA e rod\u00edzio municipal (defici\u00eancia f\u00edsica).<\/p>\n<p>Lembramos, ainda, que o benef\u00edcio da isen\u00e7\u00e3o poder\u00e1 ser exercido somente uma vez a cada dois anos, contados a partir da data de emiss\u00e3o da Nota Fiscal do ve\u00edculo.<\/p>\n<p>Ali\u00e1s, o propriet\u00e1rio que pretender vender ou doar o veiculo em menos de dois anos ter\u00e1 que pagar todos os impostos, com a atualiza\u00e7\u00e3o monet\u00e1ria e acr\u00e9scimos legais desde a data da aquisi\u00e7\u00e3o do bem.<\/p>\n<p>Vejamos, detalhadamente, os tipos de defici\u00eancia existentes:<\/p>\n<ol>\n<li>a) Defici\u00eancia f\u00edsica \u2013 Pessoas que apresentam altera\u00e7\u00e3o completa ou parcial de um ou mais segmentos do corpo humano, acarretando o comprometimento da fun\u00e7\u00e3o f\u00edsica, apresentando-se sob a forma de paraplegia, paraparesia, monoplegia, monoparesia, tetraplegia, tetraparesia, triplegia, triparesia, hemiplegia, hemiparesia, amputa\u00e7\u00e3o ou aus\u00eancia de membro, paralisia cerebral, membros com deformidade cong\u00eanita ou adquirida, exceto as deformidades est\u00e9ticas e as que n\u00e3o produzam dificuldades para o desempenho de fun\u00e7\u00f5es;<\/li>\n<li>b) Defici\u00eancia visual &#8211; Pessoas que apresenta acuidade visual igual ou menor que 20\/200 (tabela de Snellen) no melhor olho, ap\u00f3s a melhor corre\u00e7\u00e3o, campo visual inferior a 20\u00ba ou ocorr\u00eancia simult\u00e2nea de ambas as situa\u00e7\u00f5es;<\/li>\n<li>c) Defici\u00eancia intelectual \u2013 Pessoas que apresenta o funcionamento intelectual significativamente inferior \u00e0 m\u00e9dia, com manifesta\u00e7\u00e3o anterior aos dezoito anos e limita\u00e7\u00f5es associadas a duas ou mais \u00e1reas de habilidades adaptativas.<\/li>\n<li>d) Autismo \u2013 Pessoas que apresenta transtorno autista ou autismo at\u00edpico.<\/li>\n<\/ol>\n<p>A isen\u00e7\u00e3o \u00e9 extensiva para qualquer pessoa portadora de defici\u00eancia, inclusive crian\u00e7as.<\/p>\n<p><strong>Abaixo a lista, n\u00e3o taxativa, de outras doen\u00e7as eleg\u00edveis ao benef\u00edcio<\/strong><\/p>\n<ul>\n<li>AIDS<\/li>\n<li>Artrite, Problemas nos joelhos<\/li>\n<li>Artrodese (com sequelas)<\/li>\n<li>Artrose<\/li>\n<li>AVC \/ AVE (derrame)<\/li>\n<li>Bursite e Tendinite graves<\/li>\n<li>C\u00e2ncer<\/li>\n<li>C\u00e2ncer (quando houver sequelas ou limita\u00e7\u00f5es)<\/li>\n<li>Cegueira<\/li>\n<li>Contamina\u00e7\u00e3o por radia\u00e7\u00e3o<\/li>\n<li>Deformidades cong\u00eanitas ou adquiridas<\/li>\n<li>Doen\u00e7a de Paget em estados avan\u00e7ados<\/li>\n<li>Doen\u00e7a de Parkinson<\/li>\n<li>Doen\u00e7a renal, do f\u00edgado, do cora\u00e7\u00e3o<\/li>\n<\/ul>\n<ul>\n<li>Doen\u00e7as Neurol\u00f3gicas<\/li>\n<li>Esclerose M\u00faltipla<\/li>\n<li>Escoliose<\/li>\n<li>Hansen\u00edase<\/li>\n<li>H\u00e9rnia de Disco<\/li>\n<li>LER (Les\u00e3o por Esfor\u00e7o Repetitivo)<\/li>\n<li>Mastectomia ou Quadrantectomia (remo\u00e7\u00e3o de parte da mama)<\/li>\n<li>Membros com Amputa\u00e7\u00f5es<\/li>\n<li>Nanismo<\/li>\n<li>Neoplasia maligna,<\/li>\n<li>Neuropatias diab\u00e9ticas<\/li>\n<li>Paralisia irrevers\u00edvel e incapacitante<\/li>\n<li>Paraplegia, Tetraplegia<\/li>\n<\/ul>\n<ul>\n<li>Poliomielite<\/li>\n<li>Ponte de Safena (quando h\u00e1 sequelas ou limita\u00e7\u00f5es)<\/li>\n<li>Problemas graves na coluna (como h\u00e9rnia de disco, bico de papagaio, lordose e escoliose graves)<\/li>\n<li>Pr\u00f3teses internas, externas<\/li>\n<li>S\u00edndrome do t\u00fanel do carpo<\/li>\n<li>Talidomida<\/li>\n<li>Tendinite cr\u00f4nica<\/li>\n<li>Tuberculose ativa<\/li>\n<\/ul>\n<p>http:\/\/www.conjur.com.br\/2017-jul-16\/deficiente-direito-isencao-ipva-mesmo-nao-dirija<\/p>\n","protected":false},"excerpt":{"rendered":"<p>O conceito de Pessoas com Defici\u00eancia (PCDs) re\u00fane uma s\u00e9ria de caracter\u00edsticas e particularidades, que permitem a aquisi\u00e7\u00e3o de ve\u00edculos com desconto. As defici\u00eancias ou limita\u00e7\u00f5es podem ser f\u00edsicas, sensoriais (vis\u00e3o ou audi\u00e7\u00e3o) ou intelectuais. As vendas dos ve\u00edculos com tal isen\u00e7\u00e3o n\u00e3o s\u00e3o exclusivas para pessoas com defici\u00eancia que v\u00e3o conduzir seus pr\u00f3prios ve\u00edculos, [&hellip;]<\/p>\n","protected":false},"author":2,"featured_media":315,"comment_status":"open","ping_status":"open","sticky":false,"template":"","format":"standard","meta":{"footnotes":""},"categories":[9],"tags":[],"_links":{"self":[{"href":"https:\/\/iem.adv.br\/home\/wp-json\/wp\/v2\/posts\/313"}],"collection":[{"href":"https:\/\/iem.adv.br\/home\/wp-json\/wp\/v2\/posts"}],"about":[{"href":"https:\/\/iem.adv.br\/home\/wp-json\/wp\/v2\/types\/post"}],"author":[{"embeddable":true,"href":"https:\/\/iem.adv.br\/home\/wp-json\/wp\/v2\/users\/2"}],"replies":[{"embeddable":true,"href":"https:\/\/iem.adv.br\/home\/wp-json\/wp\/v2\/comments?post=313"}],"version-history":[{"count":1,"href":"https:\/\/iem.adv.br\/home\/wp-json\/wp\/v2\/posts\/313\/revisions"}],"predecessor-version":[{"id":316,"href":"https:\/\/iem.adv.br\/home\/wp-json\/wp\/v2\/posts\/313\/revisions\/316"}],"wp:featuredmedia":[{"embeddable":true,"href":"https:\/\/iem.adv.br\/home\/wp-json\/wp\/v2\/media\/315"}],"wp:attachment":[{"href":"https:\/\/iem.adv.br\/home\/wp-json\/wp\/v2\/media?parent=313"}],"wp:term":[{"taxonomy":"category","embeddable":true,"href":"https:\/\/iem.adv.br\/home\/wp-json\/wp\/v2\/categories?post=313"},{"taxonomy":"post_tag","embeddable":true,"href":"https:\/\/iem.adv.br\/home\/wp-json\/wp\/v2\/tags?post=313"}],"curies":[{"name":"wp","href":"https:\/\/api.w.org\/{rel}","templated":true}]}}