{"id":1327,"date":"2018-08-29T10:00:17","date_gmt":"2018-08-29T13:00:17","guid":{"rendered":"https:\/\/iem.adv.br\/?p=1327"},"modified":"2018-08-28T18:16:12","modified_gmt":"2018-08-28T21:16:12","slug":"entenda-como-funciona-a-guarda-compartilhada-e-guarda-unilateral","status":"publish","type":"post","link":"https:\/\/iem.adv.br\/home\/2018\/08\/29\/entenda-como-funciona-a-guarda-compartilhada-e-guarda-unilateral\/","title":{"rendered":"Entenda como funciona a guarda compartilhada e guarda unilateral!"},"content":{"rendered":"<p><span style=\"font-weight: 400;\">Guarda compartilhada ou unilateral, voc\u00ea sabe quais s\u00e3o as diferen\u00e7as entre uma e outra? <\/span><\/p>\n<p><span style=\"font-weight: 400;\">A guarda compartilhada funciona assim: n\u00e3o \u00e9 sua e nem minha e sim de ambos; j\u00e1 a guarda unilateral \u00e9 sua ou minha, simples assim!<\/span><\/p>\n<p><span style=\"font-weight: 400;\">A guarda define a responsabilidade imediata sobre o filho, mas em hip\u00f3tese alguma retira a responsabilidade da m\u00e3e ou do pai que n\u00e3o tem a guarda sobre o seu filho (que \u00e9 o que chamamos de p\u00e1trio poder). <\/span><\/p>\n<p><span style=\"font-weight: 400;\">Bom, na pr\u00e1tica essas quest\u00f5es podem parecer um pouco confusas, ent\u00e3o vamos l\u00e1: <\/span><\/p>\n<p><span style=\"font-weight: 400;\">A guarda compartilhada foi institu\u00edda atrav\u00e9s da Lei 11.698\/08. Nesta modalidade \u00e9 previsto que os pais detenham a guarda jur\u00eddica e conjunta do filho (a) at\u00e9 que ele complete a maior idade. Nessa modalidade os pais decidem juntos assuntos relacionados ao seu filho (a), evitando disputas e brigas.<\/span><\/p>\n<p><span style=\"font-weight: 400;\">Uma coisa importante que voc\u00ea deve saber \u00e9 que a guarda unilateral s\u00f3 \u00e9 fixada quando \u00e9 imposs\u00edvel a guarda compartilhada. Est\u00e1 previsto no art. 1.583 do C\u00f3digo Civil, a guarda unilateral \u00e9 atribu\u00edda a um dos genitores ou algu\u00e9m que o substitua, cabe ao Juiz atribuir a guarda ao genitor que possuir as melhores condi\u00e7\u00f5es para cuidar e proteger os direitos da crian\u00e7a ou adolescente. <\/span><\/p>\n<p><span style=\"font-weight: 400;\">Um assunto que n\u00e3o podemos deixar de deixar bem claro \u00e9 que mesmo que a guarda n\u00e3o seja compartilhada, esse pai ou m\u00e3e tem diversos direitos e deveres, como, por exemplo, visitar a crian\u00e7a e se comunicar com ela com acessibilidade, seja pessoalmente ou por meio de telefone ou a internet.<\/span><\/p>\n<p><a href=\"https:\/\/iem.adv.br\/blog\" target=\"_blank\" rel=\"nofollow noopener\"><strong>\u00a0<\/strong>Esperamos ter contribu\u00eddo um pouco mais, trazendo uma informa\u00e7\u00e3o interessante e relevante. Se quiser saber um pouco mais sobre outros temas, clique aqui.<\/a><\/p>\n","protected":false},"excerpt":{"rendered":"<p>Guarda compartilhada ou unilateral, voc\u00ea sabe quais s\u00e3o as diferen\u00e7as entre uma e outra? A guarda compartilhada funciona assim: n\u00e3o \u00e9 sua e nem minha e sim de ambos; j\u00e1 a guarda unilateral \u00e9 sua ou minha, simples assim! A guarda define a responsabilidade imediata sobre o filho, mas em hip\u00f3tese alguma retira a responsabilidade [&hellip;]<\/p>\n","protected":false},"author":2,"featured_media":1328,"comment_status":"open","ping_status":"open","sticky":false,"template":"","format":"standard","meta":{"footnotes":""},"categories":[8],"tags":[],"_links":{"self":[{"href":"https:\/\/iem.adv.br\/home\/wp-json\/wp\/v2\/posts\/1327"}],"collection":[{"href":"https:\/\/iem.adv.br\/home\/wp-json\/wp\/v2\/posts"}],"about":[{"href":"https:\/\/iem.adv.br\/home\/wp-json\/wp\/v2\/types\/post"}],"author":[{"embeddable":true,"href":"https:\/\/iem.adv.br\/home\/wp-json\/wp\/v2\/users\/2"}],"replies":[{"embeddable":true,"href":"https:\/\/iem.adv.br\/home\/wp-json\/wp\/v2\/comments?post=1327"}],"version-history":[{"count":1,"href":"https:\/\/iem.adv.br\/home\/wp-json\/wp\/v2\/posts\/1327\/revisions"}],"predecessor-version":[{"id":1329,"href":"https:\/\/iem.adv.br\/home\/wp-json\/wp\/v2\/posts\/1327\/revisions\/1329"}],"wp:featuredmedia":[{"embeddable":true,"href":"https:\/\/iem.adv.br\/home\/wp-json\/wp\/v2\/media\/1328"}],"wp:attachment":[{"href":"https:\/\/iem.adv.br\/home\/wp-json\/wp\/v2\/media?parent=1327"}],"wp:term":[{"taxonomy":"category","embeddable":true,"href":"https:\/\/iem.adv.br\/home\/wp-json\/wp\/v2\/categories?post=1327"},{"taxonomy":"post_tag","embeddable":true,"href":"https:\/\/iem.adv.br\/home\/wp-json\/wp\/v2\/tags?post=1327"}],"curies":[{"name":"wp","href":"https:\/\/api.w.org\/{rel}","templated":true}]}}